{"id":424,"date":"2024-08-30T13:48:52","date_gmt":"2024-08-30T13:48:52","guid":{"rendered":"https:\/\/www.emrecevik.com.tr\/?p=424"},"modified":"2024-08-30T14:02:50","modified_gmt":"2024-08-30T14:02:50","slug":"30-agustos-zafer-bayrami-kutlu-olsun","status":"publish","type":"post","link":"https:\/\/www.emrecevik.com.tr\/?p=424","title":{"rendered":"30 A\u011fustos Zafer Bayram\u0131 Kutlu Olsun"},"content":{"rendered":"\n<figure class=\"wp-block-image size-full is-resized\"><img loading=\"lazy\" decoding=\"async\" width=\"700\" height=\"393\" src=\"https:\/\/www.emrecevik.com.tr\/wp-content\/uploads\/2024\/08\/IMG_0314.jpg\" alt=\"\" class=\"wp-image-425\" style=\"width:837px;height:auto\" srcset=\"https:\/\/www.emrecevik.com.tr\/wp-content\/uploads\/2024\/08\/IMG_0314.jpg 700w, https:\/\/www.emrecevik.com.tr\/wp-content\/uploads\/2024\/08\/IMG_0314-300x168.jpg 300w\" sizes=\"auto, (max-width: 700px) 100vw, 700px\" \/><\/figure>\n\n\n\n<p>30 A\u011fustos Zafer Bayram\u0131 bir milletin ba\u011f\u0131ms\u0131zl\u0131k ve \u00f6zg\u00fcrl\u00fck a\u015fk\u0131n\u0131n en g\u00fc\u00e7l\u00fc ifadesidir. Bu kutlu g\u00fcn\u00fcn kahramanlar\u0131n\u0131 anarken, ayn\u0131 kararl\u0131l\u0131k ve inan\u00e7la gelece\u011fe y\u00fcr\u00fcmenin \u00f6nemini bir kez daha hat\u0131rl\u0131yoruz.<\/p>\n","protected":false},"excerpt":{"rendered":"<p>30 A\u011fustos Zafer Bayram\u0131 bir milletin ba\u011f\u0131ms\u0131zl\u0131k ve \u00f6zg\u00fcrl\u00fck a\u015fk\u0131n\u0131n en g\u00fc\u00e7l\u00fc ifadesidir. Bu kutlu g\u00fcn\u00fcn kahramanlar\u0131n\u0131 anarken, ayn\u0131 kararl\u0131l\u0131k ve inan\u00e7la gelece\u011fe y\u00fcr\u00fcmenin \u00f6nemini bir kez daha hat\u0131rl\u0131yoruz.<\/p>\n","protected":false},"author":1,"featured_media":0,"comment_status":"closed","ping_status":"closed","sticky":false,"template":"","format":"standard","meta":{"om_disable_all_campaigns":false,"_monsterinsights_skip_tracking":false,"_monsterinsights_sitenote_active":false,"_monsterinsights_sitenote_note":"","_monsterinsights_sitenote_category":0,"_uf_show_specific_survey":0,"_uf_disable_surveys":false,"footnotes":""},"categories":[20],"tags":[],"class_list":["post-424","post","type-post","status-publish","format-standard","hentry","category-gunun-icinden"],"aioseo_notices":[],"_links":{"self":[{"href":"https:\/\/www.emrecevik.com.tr\/index.php?rest_route=\/wp\/v2\/posts\/424","targetHints":{"allow":["GET"]}}],"collection":[{"href":"https:\/\/www.emrecevik.com.tr\/index.php?rest_route=\/wp\/v2\/posts"}],"about":[{"href":"https:\/\/www.emrecevik.com.tr\/index.php?rest_route=\/wp\/v2\/types\/post"}],"author":[{"embeddable":true,"href":"https:\/\/www.emrecevik.com.tr\/index.php?rest_route=\/wp\/v2\/users\/1"}],"replies":[{"embeddable":true,"href":"https:\/\/www.emrecevik.com.tr\/index.php?rest_route=%2Fwp%2Fv2%2Fcomments&post=424"}],"version-history":[{"count":3,"href":"https:\/\/www.emrecevik.com.tr\/index.php?rest_route=\/wp\/v2\/posts\/424\/revisions"}],"predecessor-version":[{"id":433,"href":"https:\/\/www.emrecevik.com.tr\/index.php?rest_route=\/wp\/v2\/posts\/424\/revisions\/433"}],"wp:attachment":[{"href":"https:\/\/www.emrecevik.com.tr\/index.php?rest_route=%2Fwp%2Fv2%2Fmedia&parent=424"}],"wp:term":[{"taxonomy":"category","embeddable":true,"href":"https:\/\/www.emrecevik.com.tr\/index.php?rest_route=%2Fwp%2Fv2%2Fcategories&post=424"},{"taxonomy":"post_tag","embeddable":true,"href":"https:\/\/www.emrecevik.com.tr\/index.php?rest_route=%2Fwp%2Fv2%2Ftags&post=424"}],"curies":[{"name":"wp","href":"https:\/\/api.w.org\/{rel}","templated":true}]}}