{"id":349,"date":"2023-12-07T20:36:48","date_gmt":"2023-12-07T20:36:48","guid":{"rendered":"https:\/\/www.emrecevik.com.tr\/?p=349"},"modified":"2023-12-23T20:41:45","modified_gmt":"2023-12-23T20:41:45","slug":"japonya","status":"publish","type":"post","link":"https:\/\/www.emrecevik.com.tr\/?p=349","title":{"rendered":"Japonya"},"content":{"rendered":"\n<p>\u00d6ncelikle Japonya g\u00fczel\u2026<\/p>\n\n\n\n<p>Seul\u2019den sonra rotam\u0131z Japonya idi. Daha oraya gitmeden planlar tamamd\u0131, \u00e7ok faydas\u0131n\u0131 g\u00f6rd\u00fck. Gitmeden T\u00fcrkiye\u2019den ald\u0131\u011f\u0131m\u0131z JR (Japan Rail Pass) sayesinde i\u00e7imiz rahatt\u0131. Bir\u00e7ok ula\u015f\u0131m ihtiyac\u0131n\u0131 kar\u015f\u0131l\u0131yordu. Gerek var m\u0131 derseniz, \u00e7ok gezecekseniz \u00f6neririm, kafa da rahat oluyor.<\/p>\n\n\n\n<p>\u00d6ncelike ilk 3 g\u00fcn Osaka da konaklad\u0131k. Burada iken, Shinkansen treninin nimetlerinden yararlanarak g\u00fcn\u00fcbirlik Hiro\u015fima, Kyoto da gezindik.<\/p>\n\n\n\n<h3 class=\"wp-block-heading\">Hiro\u015fima<\/h3>\n\n\n\n<div class=\"wp-block-media-text is-stacked-on-mobile is-vertically-aligned-top\"><figure class=\"wp-block-media-text__media\"><img loading=\"lazy\" decoding=\"async\" width=\"768\" height=\"1024\" src=\"https:\/\/www.emrecevik.com.tr\/wp-content\/uploads\/2023\/12\/IMG_3263-768x1024.jpeg\" alt=\"\" class=\"wp-image-352 size-full\" srcset=\"https:\/\/www.emrecevik.com.tr\/wp-content\/uploads\/2023\/12\/IMG_3263-768x1024.jpeg 768w, https:\/\/www.emrecevik.com.tr\/wp-content\/uploads\/2023\/12\/IMG_3263-225x300.jpeg 225w, https:\/\/www.emrecevik.com.tr\/wp-content\/uploads\/2023\/12\/IMG_3263.jpeg 960w\" sizes=\"auto, (max-width: 768px) 100vw, 768px\" \/><\/figure><div class=\"wp-block-media-text__content\">\n<p>Sabah\u0131n erken saatlerinde Osaka\u2019da otelden ayr\u0131l\u0131p Hiro\u015fima\u2019ya do\u011fru yola \u00e7\u0131kt\u0131k. \u00d6ncelikle bir g\u00fcn bile fazla buraya ay\u0131rmak i\u00e7in. Birka\u00e7 an\u0131t ve O me\u015fhur Atom Bombas\u0131\u2019n\u0131n at\u0131ld\u0131\u011f\u0131 b\u00f6lgeyi gezindik. Burada duydu\u011fum ama sonras\u0131nda \u015fahit oldu\u011fum \u015fey, t\u00fcm ilk okul \u00f6\u011frencileri buraya turla gelerek tarihlerini anlat\u0131yor olmalar\u0131 idi. \u00c7ok milliyet\u00e7iler\u2026<\/p>\n<\/div><\/div>\n\n\n\n<h3 class=\"wp-block-heading\">Osaka<\/h3>\n\n\n\n<div class=\"wp-block-media-text has-media-on-the-right is-stacked-on-mobile is-vertically-aligned-top\"><div class=\"wp-block-media-text__content\">\n<p>Hiro\u015fima gezisi sonras\u0131nda Osaka\u2019ya ak\u015fam d\u00f6nm\u00fc\u015ft\u00fck. Vakit kaybetmeden Osaka kalesinde gezindik. Sonras\u0131nda ak\u015fam Dotonbori &amp;&nbsp; Shinsaibashi b\u00f6lgesinde gezindik. \u00c7ok canl\u0131 ve kalabal\u0131k bir ortam. Burada sokak lezzetlerini deneyimledik diyemeyece\u011fim. Bizim damak tad\u0131m\u0131za ve midemize g\u00f6re de\u011fil :). Bu b\u00f6lgede bir Uygur T\u00fcrk restoran\u0131 g\u00f6r\u00fcnce dald\u0131k i\u00e7eri.. Osaka\u2019da da 1 g\u00fcn genel anlam\u0131nda yeter. Ama \u00e7ok yorulmayay\u0131m dinlene dinlene gezeyim derseniz ki g\u00fczel fikir, 2 g\u00fcn ay\u0131rabilirsiniz. Biz Kyoto ve Nara planlar\u0131m\u0131z oldu\u011fu i\u00e7in gecenin canl\u0131 b\u00f6lgesinden uzakla\u015f\u0131p otele d\u00f6nd\u00fck.<\/p>\n<\/div><figure class=\"wp-block-media-text__media\"><img loading=\"lazy\" decoding=\"async\" width=\"768\" height=\"1024\" src=\"https:\/\/www.emrecevik.com.tr\/wp-content\/uploads\/2023\/12\/IMG_3440-768x1024.jpeg\" alt=\"\" class=\"wp-image-353 size-full\" srcset=\"https:\/\/www.emrecevik.com.tr\/wp-content\/uploads\/2023\/12\/IMG_3440-768x1024.jpeg 768w, https:\/\/www.emrecevik.com.tr\/wp-content\/uploads\/2023\/12\/IMG_3440-225x300.jpeg 225w, https:\/\/www.emrecevik.com.tr\/wp-content\/uploads\/2023\/12\/IMG_3440.jpeg 960w\" sizes=\"auto, (max-width: 768px) 100vw, 768px\" \/><\/figure><\/div>\n\n\n\n<h3 class=\"wp-block-heading\">Kyoto<\/h3>\n\n\n\n<p>Tarih, Tap\u0131nak, Do\u011fa\u2026<\/p>\n\n\n\n<p>Asl\u0131nda bu \u00fc\u00e7 kelime ile \u00f6zetlenebilir. En \u00e7ok burada yorulduk \u00e7\u00fcnk\u00fc turistlik mekanlar\u0131n hepsini gezmek i\u00e7in biraz aceleci davrand\u0131k. Burada da 1 g\u00fcn\u00fcm\u00fcz vard\u0131. O kadar ki, Ak\u015fam hava karard\u0131ktan sonra notlar\u0131m\u0131zda bulunan Arashiyama Bambu orman\u0131na gitsek de pek bir\u015fey g\u00f6remedik. Kyoto da Gion B\u00f6lgesi, Kinkakuji Tap\u0131na\u011f\u0131 ve ad\u0131n\u0131 unuttu\u011fum birka\u00e7 tap\u0131naktan sonra Nara da bulunan Todaiji Tap\u0131na\u011f\u0131 ve Nara Ulusal Park\u0131n\u0131 da g\u00f6rme f\u0131rsat\u0131m\u0131z oldu. Burada g\u00fcn\u00fc birlik ula\u015f\u0131m s\u0131n\u0131rs\u0131z ula\u015f\u0131m kartlar\u0131 da var. Almak mant\u0131kl\u0131 kafa rahat oluyor \ud83d\ude42 yoksa ayn\u0131 fiyata denk geliyor. O kadar yorgunlu\u011fun ard\u0131ndan Otel ve Tokyo i\u00e7in haz\u0131rlanma vakti\u2026<\/p>\n\n\n\n<figure class=\"wp-block-gallery has-nested-images columns-default is-cropped wp-block-gallery-1 is-layout-flex wp-block-gallery-is-layout-flex\">\n<figure class=\"wp-block-image size-large\"><img loading=\"lazy\" decoding=\"async\" width=\"768\" height=\"1024\" data-id=\"355\" src=\"https:\/\/www.emrecevik.com.tr\/wp-content\/uploads\/2023\/12\/IMG_3510-768x1024.jpeg\" alt=\"\" class=\"wp-image-355\" srcset=\"https:\/\/www.emrecevik.com.tr\/wp-content\/uploads\/2023\/12\/IMG_3510-768x1024.jpeg 768w, https:\/\/www.emrecevik.com.tr\/wp-content\/uploads\/2023\/12\/IMG_3510-225x300.jpeg 225w, https:\/\/www.emrecevik.com.tr\/wp-content\/uploads\/2023\/12\/IMG_3510.jpeg 960w\" sizes=\"auto, (max-width: 768px) 100vw, 768px\" \/><\/figure>\n\n\n\n<figure class=\"wp-block-image size-large\"><img loading=\"lazy\" decoding=\"async\" width=\"768\" height=\"1024\" data-id=\"357\" src=\"https:\/\/www.emrecevik.com.tr\/wp-content\/uploads\/2023\/12\/IMG_3536-768x1024.jpeg\" alt=\"\" class=\"wp-image-357\" srcset=\"https:\/\/www.emrecevik.com.tr\/wp-content\/uploads\/2023\/12\/IMG_3536-768x1024.jpeg 768w, https:\/\/www.emrecevik.com.tr\/wp-content\/uploads\/2023\/12\/IMG_3536-225x300.jpeg 225w, https:\/\/www.emrecevik.com.tr\/wp-content\/uploads\/2023\/12\/IMG_3536.jpeg 960w\" sizes=\"auto, (max-width: 768px) 100vw, 768px\" \/><\/figure>\n\n\n\n<figure class=\"wp-block-image size-large\"><img loading=\"lazy\" decoding=\"async\" width=\"768\" height=\"1024\" data-id=\"363\" src=\"https:\/\/www.emrecevik.com.tr\/wp-content\/uploads\/2023\/12\/IMG_3616-768x1024.jpeg\" alt=\"\" class=\"wp-image-363\" srcset=\"https:\/\/www.emrecevik.com.tr\/wp-content\/uploads\/2023\/12\/IMG_3616-768x1024.jpeg 768w, https:\/\/www.emrecevik.com.tr\/wp-content\/uploads\/2023\/12\/IMG_3616-225x300.jpeg 225w, https:\/\/www.emrecevik.com.tr\/wp-content\/uploads\/2023\/12\/IMG_3616.jpeg 960w\" sizes=\"auto, (max-width: 768px) 100vw, 768px\" \/><\/figure>\n\n\n\n<figure class=\"wp-block-image size-large\"><img loading=\"lazy\" decoding=\"async\" width=\"768\" height=\"1024\" data-id=\"359\" src=\"https:\/\/www.emrecevik.com.tr\/wp-content\/uploads\/2023\/12\/IMG_3769-768x1024.jpeg\" alt=\"\" class=\"wp-image-359\" srcset=\"https:\/\/www.emrecevik.com.tr\/wp-content\/uploads\/2023\/12\/IMG_3769-768x1024.jpeg 768w, https:\/\/www.emrecevik.com.tr\/wp-content\/uploads\/2023\/12\/IMG_3769-225x300.jpeg 225w, https:\/\/www.emrecevik.com.tr\/wp-content\/uploads\/2023\/12\/IMG_3769.jpeg 960w\" sizes=\"auto, (max-width: 768px) 100vw, 768px\" \/><\/figure>\n\n\n\n<figure class=\"wp-block-image size-large\"><img loading=\"lazy\" decoding=\"async\" width=\"768\" height=\"1024\" data-id=\"358\" src=\"https:\/\/www.emrecevik.com.tr\/wp-content\/uploads\/2023\/12\/IMG_3820-768x1024.jpeg\" alt=\"\" class=\"wp-image-358\" srcset=\"https:\/\/www.emrecevik.com.tr\/wp-content\/uploads\/2023\/12\/IMG_3820-768x1024.jpeg 768w, https:\/\/www.emrecevik.com.tr\/wp-content\/uploads\/2023\/12\/IMG_3820-225x300.jpeg 225w, https:\/\/www.emrecevik.com.tr\/wp-content\/uploads\/2023\/12\/IMG_3820.jpeg 960w\" sizes=\"auto, (max-width: 768px) 100vw, 768px\" \/><\/figure>\n\n\n\n<figure class=\"wp-block-image size-large\"><img loading=\"lazy\" decoding=\"async\" width=\"768\" height=\"1024\" data-id=\"361\" src=\"https:\/\/www.emrecevik.com.tr\/wp-content\/uploads\/2023\/12\/IMG_3886-768x1024.jpeg\" alt=\"\" class=\"wp-image-361\" srcset=\"https:\/\/www.emrecevik.com.tr\/wp-content\/uploads\/2023\/12\/IMG_3886-768x1024.jpeg 768w, https:\/\/www.emrecevik.com.tr\/wp-content\/uploads\/2023\/12\/IMG_3886-225x300.jpeg 225w, https:\/\/www.emrecevik.com.tr\/wp-content\/uploads\/2023\/12\/IMG_3886.jpeg 960w\" sizes=\"auto, (max-width: 768px) 100vw, 768px\" \/><\/figure>\n\n\n\n<figure class=\"wp-block-image size-large\"><img loading=\"lazy\" decoding=\"async\" width=\"768\" height=\"1024\" data-id=\"356\" src=\"https:\/\/www.emrecevik.com.tr\/wp-content\/uploads\/2023\/12\/IMG_3953-768x1024.jpeg\" alt=\"\" class=\"wp-image-356\" srcset=\"https:\/\/www.emrecevik.com.tr\/wp-content\/uploads\/2023\/12\/IMG_3953-768x1024.jpeg 768w, https:\/\/www.emrecevik.com.tr\/wp-content\/uploads\/2023\/12\/IMG_3953-225x300.jpeg 225w, https:\/\/www.emrecevik.com.tr\/wp-content\/uploads\/2023\/12\/IMG_3953.jpeg 960w\" sizes=\"auto, (max-width: 768px) 100vw, 768px\" \/><\/figure>\n\n\n\n<figure class=\"wp-block-image size-large\"><img loading=\"lazy\" decoding=\"async\" width=\"768\" height=\"1024\" data-id=\"362\" src=\"https:\/\/www.emrecevik.com.tr\/wp-content\/uploads\/2023\/12\/IMG_3968-768x1024.jpeg\" alt=\"\" class=\"wp-image-362\" srcset=\"https:\/\/www.emrecevik.com.tr\/wp-content\/uploads\/2023\/12\/IMG_3968-768x1024.jpeg 768w, https:\/\/www.emrecevik.com.tr\/wp-content\/uploads\/2023\/12\/IMG_3968-225x300.jpeg 225w, https:\/\/www.emrecevik.com.tr\/wp-content\/uploads\/2023\/12\/IMG_3968.jpeg 960w\" sizes=\"auto, (max-width: 768px) 100vw, 768px\" \/><\/figure>\n\n\n\n<figure class=\"wp-block-image size-large\"><img loading=\"lazy\" decoding=\"async\" width=\"768\" height=\"1024\" data-id=\"360\" src=\"https:\/\/www.emrecevik.com.tr\/wp-content\/uploads\/2023\/12\/IMG_3972-768x1024.jpeg\" alt=\"\" class=\"wp-image-360\" srcset=\"https:\/\/www.emrecevik.com.tr\/wp-content\/uploads\/2023\/12\/IMG_3972-768x1024.jpeg 768w, https:\/\/www.emrecevik.com.tr\/wp-content\/uploads\/2023\/12\/IMG_3972-225x300.jpeg 225w, https:\/\/www.emrecevik.com.tr\/wp-content\/uploads\/2023\/12\/IMG_3972.jpeg 960w\" sizes=\"auto, (max-width: 768px) 100vw, 768px\" \/><\/figure>\n<\/figure>\n\n\n\n<h3 class=\"wp-block-heading\">Tokyo<\/h3>\n\n\n\n<p>Metropol, Metro, Kalabal\u0131k<\/p>\n\n\n\n<p>Burada da \u00fc\u00e7 kelime kullanacak olursam bunlar oldurdu. \u0130nan\u0131lmaz bir ula\u015f\u0131m altyap\u0131lar\u0131 var. B\u00fcy\u00fclenmemek ve kaybolmamak elde de\u011fil. En az 3 kez yanl\u0131\u015f trene binmi\u015fizdir. Burada beni en \u00e7ok \u015fa\u015f\u0131rtan \u015fey ise o devasa metro hatt\u0131nda minicik 6-7 ya\u015flar\u0131nda ilkokul \u00e7ocuklar kendi ba\u015flar\u0131na yolculuk yapmalar\u0131. \u0130nanamad\u0131m \u0131srarla yanlar\u0131nda yeti\u015fkin arad\u0131m ama yoktu\u2026 G\u00fcvenlik, G\u00fcvenilirlilik g\u00fczel \u015fey\u2026<\/p>\n\n\n\n<div class=\"wp-block-media-text is-stacked-on-mobile is-vertically-aligned-top\"><figure class=\"wp-block-media-text__media\"><img loading=\"lazy\" decoding=\"async\" width=\"768\" height=\"1024\" src=\"https:\/\/www.emrecevik.com.tr\/wp-content\/uploads\/2023\/12\/IMG_0241-768x1024.jpeg\" alt=\"\" class=\"wp-image-364 size-full\" srcset=\"https:\/\/www.emrecevik.com.tr\/wp-content\/uploads\/2023\/12\/IMG_0241-768x1024.jpeg 768w, https:\/\/www.emrecevik.com.tr\/wp-content\/uploads\/2023\/12\/IMG_0241-225x300.jpeg 225w, https:\/\/www.emrecevik.com.tr\/wp-content\/uploads\/2023\/12\/IMG_0241.jpeg 960w\" sizes=\"auto, (max-width: 768px) 100vw, 768px\" \/><\/figure><div class=\"wp-block-media-text__content\">\n<p>Burada da birka\u00e7 tap\u0131nak var ama bize tap\u0131naklardan y\u0131lg\u0131nl\u0131k geldi\u011fi i\u00e7in birine gittik. Sonras\u0131nda Tokyo \u0130mpratorluk saray\u0131na do\u011fru rotam\u0131z\u0131 olu\u015fturduk ama almad\u0131lar bizi:) o g\u00fcn \u00f6zel bir\u015fey varm\u0131\u015f kapal\u0131 imi\u015f\u2026 Tokyo Kulesi de gitmeden olmazd\u0131\u2026<\/p>\n\n\n\n<p>Sonraki g\u00fcn\u00fcm\u00fczde o me\u015fhur dedikleri Shibuya Yaya Ge\u00e7idi ne gittik. \u00dcstten bakmak daha etkileyici olur\u2026 Yine hayat\u0131n h\u0131zl\u0131 akt\u0131\u011f\u0131 Shinjuku\u2019yu ve Ginza\u2019y\u0131 da gezindikten sonra Fuji da\u011f\u0131n\u0131 da selamlayarak can\u0131m Vatan\u2019\u0131ma d\u00f6nd\u00fck\u2026<\/p>\n<\/div><\/div>\n\n\n\n<hr class=\"wp-block-separator has-alpha-channel-opacity\"\/>\n\n\n\n<figure class=\"wp-block-gallery has-nested-images columns-default is-cropped wp-block-gallery-2 is-layout-flex wp-block-gallery-is-layout-flex\">\n<figure class=\"wp-block-image size-large\"><img loading=\"lazy\" decoding=\"async\" width=\"768\" height=\"1024\" data-id=\"365\" src=\"https:\/\/www.emrecevik.com.tr\/wp-content\/uploads\/2023\/12\/IMG_0056-768x1024.jpeg\" alt=\"\" class=\"wp-image-365\" srcset=\"https:\/\/www.emrecevik.com.tr\/wp-content\/uploads\/2023\/12\/IMG_0056-768x1024.jpeg 768w, https:\/\/www.emrecevik.com.tr\/wp-content\/uploads\/2023\/12\/IMG_0056-225x300.jpeg 225w, https:\/\/www.emrecevik.com.tr\/wp-content\/uploads\/2023\/12\/IMG_0056.jpeg 960w\" sizes=\"auto, (max-width: 768px) 100vw, 768px\" \/><\/figure>\n\n\n\n<figure class=\"wp-block-image size-large\"><img loading=\"lazy\" decoding=\"async\" width=\"768\" height=\"1024\" data-id=\"372\" src=\"https:\/\/www.emrecevik.com.tr\/wp-content\/uploads\/2023\/12\/IMG_0114-768x1024.jpeg\" alt=\"\" class=\"wp-image-372\" srcset=\"https:\/\/www.emrecevik.com.tr\/wp-content\/uploads\/2023\/12\/IMG_0114-768x1024.jpeg 768w, https:\/\/www.emrecevik.com.tr\/wp-content\/uploads\/2023\/12\/IMG_0114-225x300.jpeg 225w, https:\/\/www.emrecevik.com.tr\/wp-content\/uploads\/2023\/12\/IMG_0114.jpeg 960w\" sizes=\"auto, (max-width: 768px) 100vw, 768px\" \/><\/figure>\n\n\n\n<figure class=\"wp-block-image size-large\"><img loading=\"lazy\" decoding=\"async\" width=\"768\" height=\"1024\" data-id=\"371\" src=\"https:\/\/www.emrecevik.com.tr\/wp-content\/uploads\/2023\/12\/IMG_0125-768x1024.jpeg\" alt=\"\" class=\"wp-image-371\" srcset=\"https:\/\/www.emrecevik.com.tr\/wp-content\/uploads\/2023\/12\/IMG_0125-768x1024.jpeg 768w, https:\/\/www.emrecevik.com.tr\/wp-content\/uploads\/2023\/12\/IMG_0125-225x300.jpeg 225w, https:\/\/www.emrecevik.com.tr\/wp-content\/uploads\/2023\/12\/IMG_0125.jpeg 960w\" sizes=\"auto, (max-width: 768px) 100vw, 768px\" \/><\/figure>\n\n\n\n<figure class=\"wp-block-image size-large\"><img loading=\"lazy\" decoding=\"async\" width=\"768\" height=\"1024\" data-id=\"370\" src=\"https:\/\/www.emrecevik.com.tr\/wp-content\/uploads\/2023\/12\/IMG_0218-768x1024.jpeg\" alt=\"\" class=\"wp-image-370\" srcset=\"https:\/\/www.emrecevik.com.tr\/wp-content\/uploads\/2023\/12\/IMG_0218-768x1024.jpeg 768w, https:\/\/www.emrecevik.com.tr\/wp-content\/uploads\/2023\/12\/IMG_0218-225x300.jpeg 225w, https:\/\/www.emrecevik.com.tr\/wp-content\/uploads\/2023\/12\/IMG_0218.jpeg 960w\" sizes=\"auto, (max-width: 768px) 100vw, 768px\" \/><\/figure>\n\n\n\n<figure class=\"wp-block-image size-large\"><img loading=\"lazy\" decoding=\"async\" width=\"768\" height=\"1024\" data-id=\"366\" src=\"https:\/\/www.emrecevik.com.tr\/wp-content\/uploads\/2023\/12\/IMG_0241-1-768x1024.jpeg\" alt=\"\" class=\"wp-image-366\" srcset=\"https:\/\/www.emrecevik.com.tr\/wp-content\/uploads\/2023\/12\/IMG_0241-1-768x1024.jpeg 768w, https:\/\/www.emrecevik.com.tr\/wp-content\/uploads\/2023\/12\/IMG_0241-1-225x300.jpeg 225w, https:\/\/www.emrecevik.com.tr\/wp-content\/uploads\/2023\/12\/IMG_0241-1.jpeg 960w\" sizes=\"auto, (max-width: 768px) 100vw, 768px\" \/><\/figure>\n\n\n\n<figure class=\"wp-block-image size-large\"><img loading=\"lazy\" decoding=\"async\" width=\"768\" height=\"1024\" data-id=\"368\" src=\"https:\/\/www.emrecevik.com.tr\/wp-content\/uploads\/2023\/12\/IMG_0244-768x1024.jpeg\" alt=\"\" class=\"wp-image-368\" srcset=\"https:\/\/www.emrecevik.com.tr\/wp-content\/uploads\/2023\/12\/IMG_0244-768x1024.jpeg 768w, https:\/\/www.emrecevik.com.tr\/wp-content\/uploads\/2023\/12\/IMG_0244-225x300.jpeg 225w, https:\/\/www.emrecevik.com.tr\/wp-content\/uploads\/2023\/12\/IMG_0244.jpeg 960w\" sizes=\"auto, (max-width: 768px) 100vw, 768px\" \/><\/figure>\n\n\n\n<figure class=\"wp-block-image size-large\"><img loading=\"lazy\" decoding=\"async\" width=\"768\" height=\"1024\" data-id=\"367\" src=\"https:\/\/www.emrecevik.com.tr\/wp-content\/uploads\/2023\/12\/IMG_0660-768x1024.jpeg\" alt=\"\" class=\"wp-image-367\" srcset=\"https:\/\/www.emrecevik.com.tr\/wp-content\/uploads\/2023\/12\/IMG_0660-768x1024.jpeg 768w, https:\/\/www.emrecevik.com.tr\/wp-content\/uploads\/2023\/12\/IMG_0660-225x300.jpeg 225w, https:\/\/www.emrecevik.com.tr\/wp-content\/uploads\/2023\/12\/IMG_0660.jpeg 960w\" sizes=\"auto, (max-width: 768px) 100vw, 768px\" \/><\/figure>\n\n\n\n<figure class=\"wp-block-image size-large\"><img loading=\"lazy\" decoding=\"async\" width=\"768\" height=\"1024\" data-id=\"369\" src=\"https:\/\/www.emrecevik.com.tr\/wp-content\/uploads\/2023\/12\/IMG_3226-768x1024.jpeg\" alt=\"\" class=\"wp-image-369\" srcset=\"https:\/\/www.emrecevik.com.tr\/wp-content\/uploads\/2023\/12\/IMG_3226-768x1024.jpeg 768w, https:\/\/www.emrecevik.com.tr\/wp-content\/uploads\/2023\/12\/IMG_3226-225x300.jpeg 225w, https:\/\/www.emrecevik.com.tr\/wp-content\/uploads\/2023\/12\/IMG_3226.jpeg 960w\" sizes=\"auto, (max-width: 768px) 100vw, 768px\" \/><\/figure>\n<\/figure>\n","protected":false},"excerpt":{"rendered":"<p>\u00d6ncelikle Japonya g\u00fczel\u2026 Seul\u2019den sonra rotam\u0131z Japonya idi. Daha oraya gitmeden planlar tamamd\u0131, \u00e7ok faydas\u0131n\u0131 g\u00f6rd\u00fck. Gitmeden T\u00fcrkiye\u2019den ald\u0131\u011f\u0131m\u0131z JR (Japan Rail Pass) sayesinde i\u00e7imiz rahatt\u0131. Bir\u00e7ok ula\u015f\u0131m ihtiyac\u0131n\u0131 kar\u015f\u0131l\u0131yordu. Gerek var m\u0131 derseniz, \u00e7ok gezecekseniz \u00f6neririm, kafa da rahat oluyor. \u00d6ncelike ilk 3 g\u00fcn Osaka da konaklad\u0131k. Burada iken, Shinkansen treninin nimetlerinden yararlanarak g\u00fcn\u00fcbirlik [&hellip;]<\/p>\n","protected":false},"author":1,"featured_media":364,"comment_status":"closed","ping_status":"closed","sticky":false,"template":"","format":"standard","meta":{"om_disable_all_campaigns":false,"_monsterinsights_skip_tracking":false,"_monsterinsights_sitenote_active":false,"_monsterinsights_sitenote_note":"","_monsterinsights_sitenote_category":0,"_uf_show_specific_survey":0,"_uf_disable_surveys":false,"footnotes":""},"categories":[7],"tags":[39,16,27,25,40,28],"class_list":["post-349","post","type-post","status-publish","format-standard","has-post-thumbnail","hentry","category-gezmek-tozmak","tag-emre","tag-emre-cevik","tag-hirosima","tag-japonya","tag-kyoto","tag-tokyo"],"aioseo_notices":[],"_links":{"self":[{"href":"https:\/\/www.emrecevik.com.tr\/index.php?rest_route=\/wp\/v2\/posts\/349","targetHints":{"allow":["GET"]}}],"collection":[{"href":"https:\/\/www.emrecevik.com.tr\/index.php?rest_route=\/wp\/v2\/posts"}],"about":[{"href":"https:\/\/www.emrecevik.com.tr\/index.php?rest_route=\/wp\/v2\/types\/post"}],"author":[{"embeddable":true,"href":"https:\/\/www.emrecevik.com.tr\/index.php?rest_route=\/wp\/v2\/users\/1"}],"replies":[{"embeddable":true,"href":"https:\/\/www.emrecevik.com.tr\/index.php?rest_route=%2Fwp%2Fv2%2Fcomments&post=349"}],"version-history":[{"count":5,"href":"https:\/\/www.emrecevik.com.tr\/index.php?rest_route=\/wp\/v2\/posts\/349\/revisions"}],"predecessor-version":[{"id":375,"href":"https:\/\/www.emrecevik.com.tr\/index.php?rest_route=\/wp\/v2\/posts\/349\/revisions\/375"}],"wp:featuredmedia":[{"embeddable":true,"href":"https:\/\/www.emrecevik.com.tr\/index.php?rest_route=\/wp\/v2\/media\/364"}],"wp:attachment":[{"href":"https:\/\/www.emrecevik.com.tr\/index.php?rest_route=%2Fwp%2Fv2%2Fmedia&parent=349"}],"wp:term":[{"taxonomy":"category","embeddable":true,"href":"https:\/\/www.emrecevik.com.tr\/index.php?rest_route=%2Fwp%2Fv2%2Fcategories&post=349"},{"taxonomy":"post_tag","embeddable":true,"href":"https:\/\/www.emrecevik.com.tr\/index.php?rest_route=%2Fwp%2Fv2%2Ftags&post=349"}],"curies":[{"name":"wp","href":"https:\/\/api.w.org\/{rel}","templated":true}]}}