{"id":271,"date":"2023-12-06T20:05:19","date_gmt":"2023-12-06T20:05:19","guid":{"rendered":"https:\/\/www.emrecevik.com.tr\/?p=271"},"modified":"2023-12-06T20:15:49","modified_gmt":"2023-12-06T20:15:49","slug":"guney-kore-seul","status":"publish","type":"post","link":"https:\/\/www.emrecevik.com.tr\/?p=271","title":{"rendered":"G\u00fcney Kore &#8211; Seul"},"content":{"rendered":"\n<h1 class=\"wp-block-heading\">G\u00fcney Kore &#8211; Seul<\/h1>\n\n\n\n<p>Hong Kong da 3 gun durmaks\u0131z\u0131n gezme ve bol bol yorulmadan sonra, 3 G\u00fcnl\u00fck Seul yolculu\u011fumuz sabah ba\u015flam\u0131\u015ft\u0131. 3 saatlik bir yolculuktan sonra G\u00fcney Kore&#8217;de idik. Hong Kong, Macau ve sonras\u0131ndaki Japonya&#8217;y\u0131 da sayarsak en kolay giri\u015f yapabildi\u011fimiz \u00fclke idi(S\u0131radan \u00e7\u0131kar\u0131l\u0131p neden geldi\u011fimizi sorgulamalar\u0131 beni k\u0131zd\u0131rd\u0131).<\/p>\n\n\n\n<div class=\"wp-block-media-text alignwide is-stacked-on-mobile is-vertically-aligned-top\"><figure class=\"wp-block-media-text__media\"><img loading=\"lazy\" decoding=\"async\" width=\"768\" height=\"1024\" src=\"https:\/\/www.emrecevik.com.tr\/wp-content\/uploads\/2023\/12\/IMG_2152-1-768x1024.jpeg\" alt=\"Emre \u00c7evik\" class=\"wp-image-318 size-large\" srcset=\"https:\/\/www.emrecevik.com.tr\/wp-content\/uploads\/2023\/12\/IMG_2152-1-768x1024.jpeg 768w, https:\/\/www.emrecevik.com.tr\/wp-content\/uploads\/2023\/12\/IMG_2152-1-225x300.jpeg 225w, https:\/\/www.emrecevik.com.tr\/wp-content\/uploads\/2023\/12\/IMG_2152-1.jpeg 960w\" sizes=\"auto, (max-width: 768px) 100vw, 768px\" \/><\/figure><div class=\"wp-block-media-text__content\">\n<p>Planlar\u0131m\u0131zda ak\u015fam gezmesi olsa da yorgunluk galip gelmi\u015f ve k\u0131sac\u0131k bir geziden sonra dinlenmeye karar verdik. Sabah\u0131n ilk \u0131\u015f\u0131klar\u0131 ile diyemeyece\u011fim bir saatte (\u00e7oook yorulmu\u015fuz) Gyeongbokgung Saray\u0131&#8217;na vard\u0131k. Bu arada dipnot, Seul de Google maps \u00e7al\u0131\u015fm\u0131yor. Gyeongbokgung saray\u0131na gidip de Hambok giymeden olmazd\u0131. <\/p>\n\n\n\n<p>Hamboklarla birlikte saraya giri\u015f \u00fccretsiz de oluyormu\u015f. Bu ekstra bilgiden sonra Sonbahar esintisini (biraz da so\u011funu) hissederek yakla\u015f\u0131k 1 saat saray\u0131 gezdik. Sonras\u0131nda rotam\u0131z buraya yak\u0131n olan Bukchon Hanok K\u00f6y\u00fc&#8217;ne yakla\u015f\u0131k 20 dk&#8217;l\u0131k bir y\u00fcr\u00fcy\u00fc\u015fle vard\u0131k. Evleri g\u00f6r\u00fclmeye de\u011ferdi. <\/p>\n<\/div><\/div>\n\n\n\n<p>Bukchon k\u00f6y\u00fcnden yine y\u00fcr\u00fcme mesafesinde olan Changdeokgung saray\u0131na da u\u011frayal\u0131m dedik. Ama burada ilgin\u00e7 bir durum baz\u0131 g\u00fcnler baz\u0131 saraylar\u0131 kapat\u0131yorlar. Kap\u0131 deli\u011finden i\u00e7eriyi g\u00f6zetledikten sonra, daha \u00f6nce listemizde bulunan Ulusal Halk M\u00fczesi&#8217;ne do\u011fru yola \u00e7\u0131kt\u0131k. Seul&#8217;de metro cand\u0131r. Ula\u015f\u0131m konusunda turistik yerlerin hepsine ula\u015f\u0131m metro ile var. Gittik gitmesine de yine kapal\u0131 :).<\/p>\n\n\n\n<figure class=\"wp-block-gallery has-nested-images columns-default is-cropped wp-block-gallery-1 is-layout-flex wp-block-gallery-is-layout-flex\">\n<figure class=\"wp-block-image size-large\"><img loading=\"lazy\" decoding=\"async\" width=\"1024\" height=\"768\" data-id=\"319\" src=\"https:\/\/www.emrecevik.com.tr\/wp-content\/uploads\/2023\/12\/IMG_2606-1-1024x768.jpeg\" alt=\"\" class=\"wp-image-319\" srcset=\"https:\/\/www.emrecevik.com.tr\/wp-content\/uploads\/2023\/12\/IMG_2606-1-1024x768.jpeg 1024w, https:\/\/www.emrecevik.com.tr\/wp-content\/uploads\/2023\/12\/IMG_2606-1-300x225.jpeg 300w, https:\/\/www.emrecevik.com.tr\/wp-content\/uploads\/2023\/12\/IMG_2606-1-768x576.jpeg 768w, https:\/\/www.emrecevik.com.tr\/wp-content\/uploads\/2023\/12\/IMG_2606-1.jpeg 1280w\" sizes=\"auto, (max-width: 1024px) 100vw, 1024px\" \/><\/figure>\n\n\n\n<figure class=\"wp-block-image size-large\"><img loading=\"lazy\" decoding=\"async\" width=\"768\" height=\"1024\" data-id=\"317\" src=\"https:\/\/www.emrecevik.com.tr\/wp-content\/uploads\/2023\/12\/IMG_3036-1-768x1024.jpeg\" alt=\"\" class=\"wp-image-317\" srcset=\"https:\/\/www.emrecevik.com.tr\/wp-content\/uploads\/2023\/12\/IMG_3036-1-768x1024.jpeg 768w, https:\/\/www.emrecevik.com.tr\/wp-content\/uploads\/2023\/12\/IMG_3036-1-225x300.jpeg 225w, https:\/\/www.emrecevik.com.tr\/wp-content\/uploads\/2023\/12\/IMG_3036-1.jpeg 960w\" sizes=\"auto, (max-width: 768px) 100vw, 768px\" \/><figcaption class=\"wp-element-caption\">Seul Kulesi<\/figcaption><\/figure>\n\n\n\n<figure class=\"wp-block-image size-large\"><img loading=\"lazy\" decoding=\"async\" width=\"768\" height=\"1024\" data-id=\"316\" src=\"https:\/\/www.emrecevik.com.tr\/wp-content\/uploads\/2023\/12\/IMG_3042-768x1024.jpeg\" alt=\"\" class=\"wp-image-316\" srcset=\"https:\/\/www.emrecevik.com.tr\/wp-content\/uploads\/2023\/12\/IMG_3042-768x1024.jpeg 768w, https:\/\/www.emrecevik.com.tr\/wp-content\/uploads\/2023\/12\/IMG_3042-225x300.jpeg 225w, https:\/\/www.emrecevik.com.tr\/wp-content\/uploads\/2023\/12\/IMG_3042.jpeg 960w\" sizes=\"auto, (max-width: 768px) 100vw, 768px\" \/><figcaption class=\"wp-element-caption\">Seul Kulesi<\/figcaption><\/figure>\n\n\n\n<figure class=\"wp-block-image size-large\"><img loading=\"lazy\" decoding=\"async\" width=\"768\" height=\"1024\" data-id=\"315\" src=\"https:\/\/www.emrecevik.com.tr\/wp-content\/uploads\/2023\/12\/IMG_2944-768x1024.jpeg\" alt=\"\" class=\"wp-image-315\" srcset=\"https:\/\/www.emrecevik.com.tr\/wp-content\/uploads\/2023\/12\/IMG_2944-768x1024.jpeg 768w, https:\/\/www.emrecevik.com.tr\/wp-content\/uploads\/2023\/12\/IMG_2944-225x300.jpeg 225w, https:\/\/www.emrecevik.com.tr\/wp-content\/uploads\/2023\/12\/IMG_2944.jpeg 960w\" sizes=\"auto, (max-width: 768px) 100vw, 768px\" \/><figcaption class=\"wp-element-caption\">Bonguensa Tap\u0131na\u011f\u0131<\/figcaption><\/figure>\n\n\n\n<figure class=\"wp-block-image size-large\"><img loading=\"lazy\" decoding=\"async\" width=\"1024\" height=\"768\" data-id=\"313\" src=\"https:\/\/www.emrecevik.com.tr\/wp-content\/uploads\/2023\/12\/IMG_2713-1024x768.jpeg\" alt=\"\" class=\"wp-image-313\" srcset=\"https:\/\/www.emrecevik.com.tr\/wp-content\/uploads\/2023\/12\/IMG_2713-1024x768.jpeg 1024w, https:\/\/www.emrecevik.com.tr\/wp-content\/uploads\/2023\/12\/IMG_2713-300x225.jpeg 300w, https:\/\/www.emrecevik.com.tr\/wp-content\/uploads\/2023\/12\/IMG_2713-768x576.jpeg 768w, https:\/\/www.emrecevik.com.tr\/wp-content\/uploads\/2023\/12\/IMG_2713.jpeg 1280w\" sizes=\"auto, (max-width: 1024px) 100vw, 1024px\" \/><figcaption class=\"wp-element-caption\">Tarihi \u0130stasyon<\/figcaption><\/figure>\n\n\n\n<figure class=\"wp-block-image size-large\"><img loading=\"lazy\" decoding=\"async\" width=\"576\" height=\"1024\" data-id=\"310\" src=\"https:\/\/www.emrecevik.com.tr\/wp-content\/uploads\/2023\/12\/IMG_2454-576x1024.jpeg\" alt=\"\" class=\"wp-image-310\" srcset=\"https:\/\/www.emrecevik.com.tr\/wp-content\/uploads\/2023\/12\/IMG_2454-576x1024.jpeg 576w, https:\/\/www.emrecevik.com.tr\/wp-content\/uploads\/2023\/12\/IMG_2454-169x300.jpeg 169w, https:\/\/www.emrecevik.com.tr\/wp-content\/uploads\/2023\/12\/IMG_2454.jpeg 720w\" sizes=\"auto, (max-width: 576px) 100vw, 576px\" \/><figcaption class=\"wp-element-caption\">Bukchon Hanok K\u00f6y\u00fc<\/figcaption><\/figure>\n\n\n\n<figure class=\"wp-block-image size-large\"><img loading=\"lazy\" decoding=\"async\" width=\"768\" height=\"1024\" data-id=\"309\" src=\"https:\/\/www.emrecevik.com.tr\/wp-content\/uploads\/2023\/12\/IMG_2320-768x1024.jpeg\" alt=\"\" class=\"wp-image-309\" srcset=\"https:\/\/www.emrecevik.com.tr\/wp-content\/uploads\/2023\/12\/IMG_2320-768x1024.jpeg 768w, https:\/\/www.emrecevik.com.tr\/wp-content\/uploads\/2023\/12\/IMG_2320-225x300.jpeg 225w, https:\/\/www.emrecevik.com.tr\/wp-content\/uploads\/2023\/12\/IMG_2320.jpeg 960w\" sizes=\"auto, (max-width: 768px) 100vw, 768px\" \/><figcaption class=\"wp-element-caption\">Gyeongbokgung Saray\u0131<\/figcaption><\/figure>\n<\/figure>\n\n\n\n<p>Seul&#8217;de 3 g\u00fcn ay\u0131rd\u0131\u011f\u0131m\u0131z i\u00e7in durmaks\u0131z\u0131n gezmek zorunda hissediyorduk :). Hava karard\u0131\u011f\u0131nda Gangnam \u0130stasyonu&#8217;ndayd\u0131k. Sonradan me\u015fhur olan o el heykeline de u\u011frad\u0131k. Ama art\u0131k donmu\u015ftuk. Seul Kas\u0131mda \u00e7ok so\u011fuk. Hostelimize d\u00f6nd\u00fck. Gitmeden okudu\u011fumuz kadar\u0131 ile iyi yorumlanm\u0131\u015ft\u0131 ve konumu g\u00fczel diye Myeong-Dong da kal\u0131yorduk. Ger\u00e7ekten de ak\u015fam olunca panay\u0131r havas\u0131 oluyor sokaklar.<\/p>\n\n\n\n<p>Sonraki g\u00fcn\u00fcm\u00fczde \u00e7ok istesek de erken kalkamad\u0131\u011f\u0131m\u0131zdan Busan&#8217;a gidemedik. Ne yaz\u0131kki DMZ de yeti\u015fmedi. Bizde BUDA m\u0131 ba\u015f\u0131m\u0131za gelecekti i\u011fren\u00e7 espirisi ile Bonguensa Tap\u0131na\u011f\u0131 gibi birka\u00e7 tap\u0131nak g\u00f6rd\u00fck. Ak\u015fam oldu\u011funda Seul kulesine \u00e7\u0131kmazsak i\u00e7imizde kal\u0131rd\u0131. \u00c7ok g\u00fczel bir manzaraya sahip. Son g\u00fcn\u00fcm\u00fczd\u00fc. Art\u0131k Japonya&#8217;ya gitme vakti gelmi\u015fti.<\/p>\n\n\n\n<p>Seul&#8217;de ne akl\u0131mda kald\u0131 derseniz: <\/p>\n\n\n\n<ul class=\"wp-block-list\">\n<li>Metro t\u0131kl\u0131m t\u0131kl\u0131m da olsa Ya\u015fl\u0131lar i\u00e7in ayr\u0131lm\u0131\u015f yere kimse oturmuyor.<\/li>\n\n\n\n<li>Sokaklar\u0131 \u00e7ok temiz.<\/li>\n\n\n\n<li>\u0130nsanlar\u0131 \u00e7ok iyi \ud83d\ude42<\/li>\n<\/ul>\n","protected":false},"excerpt":{"rendered":"<p>G\u00fcney Kore &#8211; Seul Hong Kong da 3 gun durmaks\u0131z\u0131n gezme ve bol bol yorulmadan sonra, 3 G\u00fcnl\u00fck Seul yolculu\u011fumuz sabah ba\u015flam\u0131\u015ft\u0131. 3 saatlik bir yolculuktan sonra G\u00fcney Kore&#8217;de idik. Hong Kong, Macau ve sonras\u0131ndaki Japonya&#8217;y\u0131 da sayarsak en kolay giri\u015f yapabildi\u011fimiz \u00fclke idi(S\u0131radan \u00e7\u0131kar\u0131l\u0131p neden geldi\u011fimizi sorgulamalar\u0131 beni k\u0131zd\u0131rd\u0131). Planlar\u0131m\u0131zda ak\u015fam gezmesi olsa da [&hellip;]<\/p>\n","protected":false},"author":1,"featured_media":316,"comment_status":"closed","ping_status":"closed","sticky":false,"template":"","format":"standard","meta":{"om_disable_all_campaigns":false,"_monsterinsights_skip_tracking":false,"_monsterinsights_sitenote_active":false,"_monsterinsights_sitenote_note":"","_monsterinsights_sitenote_category":0,"_uf_show_specific_survey":0,"_uf_disable_surveys":false,"footnotes":""},"categories":[7],"tags":[32,30,16,22,31,33,23,24,28],"class_list":["post-271","post","type-post","status-publish","format-standard","has-post-thumbnail","hentry","category-gezmek-tozmak","tag-bukchon-hanok","tag-changdeokgung","tag-emre-cevik","tag-guney-kore","tag-gyeongbokgung","tag-myeong-dong","tag-seul","tag-soeul","tag-tokyo"],"aioseo_notices":[],"_links":{"self":[{"href":"https:\/\/www.emrecevik.com.tr\/index.php?rest_route=\/wp\/v2\/posts\/271","targetHints":{"allow":["GET"]}}],"collection":[{"href":"https:\/\/www.emrecevik.com.tr\/index.php?rest_route=\/wp\/v2\/posts"}],"about":[{"href":"https:\/\/www.emrecevik.com.tr\/index.php?rest_route=\/wp\/v2\/types\/post"}],"author":[{"embeddable":true,"href":"https:\/\/www.emrecevik.com.tr\/index.php?rest_route=\/wp\/v2\/users\/1"}],"replies":[{"embeddable":true,"href":"https:\/\/www.emrecevik.com.tr\/index.php?rest_route=%2Fwp%2Fv2%2Fcomments&post=271"}],"version-history":[{"count":4,"href":"https:\/\/www.emrecevik.com.tr\/index.php?rest_route=\/wp\/v2\/posts\/271\/revisions"}],"predecessor-version":[{"id":322,"href":"https:\/\/www.emrecevik.com.tr\/index.php?rest_route=\/wp\/v2\/posts\/271\/revisions\/322"}],"wp:featuredmedia":[{"embeddable":true,"href":"https:\/\/www.emrecevik.com.tr\/index.php?rest_route=\/wp\/v2\/media\/316"}],"wp:attachment":[{"href":"https:\/\/www.emrecevik.com.tr\/index.php?rest_route=%2Fwp%2Fv2%2Fmedia&parent=271"}],"wp:term":[{"taxonomy":"category","embeddable":true,"href":"https:\/\/www.emrecevik.com.tr\/index.php?rest_route=%2Fwp%2Fv2%2Fcategories&post=271"},{"taxonomy":"post_tag","embeddable":true,"href":"https:\/\/www.emrecevik.com.tr\/index.php?rest_route=%2Fwp%2Fv2%2Ftags&post=271"}],"curies":[{"name":"wp","href":"https:\/\/api.w.org\/{rel}","templated":true}]}}